{"id":28081,"date":"2015-07-16T12:17:14","date_gmt":"2015-07-16T17:17:14","guid":{"rendered":"http:\/\/lamendigapolitica.com\/blog\/?p=28081"},"modified":"2015-07-16T12:17:14","modified_gmt":"2015-07-16T17:17:14","slug":"la-ronda-uno-se-queda-corta","status":"publish","type":"post","link":"https:\/\/lamendigapolitica.com\/?p=28081","title":{"rendered":"La Ronda Uno se queda corta"},"content":{"rendered":"<p><a href=\"https:\/\/lamendigapolitica.com\/blog\/blog\/wp-content\/uploads\/2015\/07\/ronda.jpg\"><img loading=\"lazy\" decoding=\"async\" class=\"aligncenter  wp-image-28082\" src=\"https:\/\/lamendigapolitica.com\/blog\/blog\/wp-content\/uploads\/2015\/07\/ronda.jpg\" alt=\"ronda\" width=\"307\" height=\"224\" \/><\/a><\/p>\n<p>El gran momento hist\u00f3rico quese esperaba en el cap\u00edtulo de la Reforma Energ\u00e9tica qued\u00f3 mermado por la desconfianza de los inversionistas extranjeros para explorar hidrocarburos en aguas someras de este pa\u00eds. S\u00f3lo un consorcio, de los 9 competidores finalistas, logr\u00f3 adjudicarse dos bloques de los 14 que se licitaron.<\/p>\n<p>Ayer, durante la exposici\u00f3n de los resultados de la Primera licitaci\u00f3n de la Ronda Uno, la empresa mexicana Sierra Oil &amp; Gas S. De R.L. de C.V., que particip\u00f3 en consorcio con Talos Energy LLC y Premier Oil PLC, gan\u00f3 las \u00e1reas contractuales n\u00famero dos y siete con activos en las costas de Veracruz.<\/p>\n<p>Especialistas en el sector energ\u00e9tico, as\u00ed como el propio presidente de la Comisi\u00f3n Nacional de Hidrocarburos (CNH) coincidieron que la baja participaci\u00f3n de las compa\u00f1\u00edas extrajeras se debi\u00f3 a los valores establecidos por la Secretar\u00eda de Hacienda y Cr\u00e9dito P\u00fablico (SCHP) en la participaci\u00f3n del Estado en la utilidad operativa, el tipo de zonas que se licitaron para exploraci\u00f3n, y la variabilidad de los precios del petr\u00f3leo a nivel internacional.<\/p>\n<p>Por primera vez en 77 a\u00f1os, despu\u00e9s de que el General L\u00e1zaro C\u00e1rdenas arrebatara a la iniciativa privada la explotaci\u00f3n de los energ\u00e9ticos en marzo de 1938, el gobierno de Enrique Pe\u00f1a Nieto inici\u00f3 la privatizaci\u00f3n formal de amplios tramos del sector de hidrocarburos.<\/p>\n","protected":false},"excerpt":{"rendered":"<p>El gran momento hist\u00f3rico quese esperaba en el cap\u00edtulo de la Reforma Energ\u00e9tica qued\u00f3 mermado por la desconfianza de los inversionistas extranjeros para explorar hidrocarburos en aguas someras de este pa\u00eds. S\u00f3lo un consorcio, de los 9 competidores finalistas, logr\u00f3 adjudicarse dos bloques de los 14 que se licitaron. Ayer, durante la exposici\u00f3n de los &hellip; <\/p>\n<p><a class=\"more-link btn\" href=\"https:\/\/lamendigapolitica.com\/?p=28081\">Seguir leyendo<\/a><\/p>\n","protected":false},"author":1,"featured_media":0,"comment_status":"open","ping_status":"closed","sticky":false,"template":"","format":"standard","meta":{"footnotes":""},"categories":[30,20],"tags":[],"class_list":["post-28081","post","type-post","status-publish","format-standard","hentry","category-economia","category-gobierno","item-wrap"],"_links":{"self":[{"href":"https:\/\/lamendigapolitica.com\/index.php?rest_route=\/wp\/v2\/posts\/28081","targetHints":{"allow":["GET"]}}],"collection":[{"href":"https:\/\/lamendigapolitica.com\/index.php?rest_route=\/wp\/v2\/posts"}],"about":[{"href":"https:\/\/lamendigapolitica.com\/index.php?rest_route=\/wp\/v2\/types\/post"}],"author":[{"embeddable":true,"href":"https:\/\/lamendigapolitica.com\/index.php?rest_route=\/wp\/v2\/users\/1"}],"replies":[{"embeddable":true,"href":"https:\/\/lamendigapolitica.com\/index.php?rest_route=%2Fwp%2Fv2%2Fcomments&post=28081"}],"version-history":[{"count":1,"href":"https:\/\/lamendigapolitica.com\/index.php?rest_route=\/wp\/v2\/posts\/28081\/revisions"}],"predecessor-version":[{"id":28083,"href":"https:\/\/lamendigapolitica.com\/index.php?rest_route=\/wp\/v2\/posts\/28081\/revisions\/28083"}],"wp:attachment":[{"href":"https:\/\/lamendigapolitica.com\/index.php?rest_route=%2Fwp%2Fv2%2Fmedia&parent=28081"}],"wp:term":[{"taxonomy":"category","embeddable":true,"href":"https:\/\/lamendigapolitica.com\/index.php?rest_route=%2Fwp%2Fv2%2Fcategories&post=28081"},{"taxonomy":"post_tag","embeddable":true,"href":"https:\/\/lamendigapolitica.com\/index.php?rest_route=%2Fwp%2Fv2%2Ftags&post=28081"}],"curies":[{"name":"wp","href":"https:\/\/api.w.org\/{rel}","templated":true}]}}