{"id":28067,"date":"2015-07-16T11:56:21","date_gmt":"2015-07-16T16:56:21","guid":{"rendered":"http:\/\/lamendigapolitica.com\/blog\/?p=28067"},"modified":"2015-07-16T11:56:21","modified_gmt":"2015-07-16T16:56:21","slug":"150-ataques-a-activistas-en-gobierno-de-eruviel","status":"publish","type":"post","link":"https:\/\/lamendigapolitica.com\/?p=28067","title":{"rendered":"150 ataques a activistas, en gobierno de Eruviel"},"content":{"rendered":"<p><a href=\"https:\/\/lamendigapolitica.com\/blog\/blog\/wp-content\/uploads\/2015\/07\/eruviel.jpg\"><img loading=\"lazy\" decoding=\"async\" class=\"aligncenter size-full wp-image-28068\" src=\"https:\/\/lamendigapolitica.com\/blog\/blog\/wp-content\/uploads\/2015\/07\/eruviel.jpg\" alt=\"eruviel\" width=\"299\" height=\"169\" \/><\/a><\/p>\n<p>En los casi cuatro a\u00f1os de Gobierno del priista Eruviel \u00c1vila Villegas, en el Estado de M\u00e9xico se han registrado poco m\u00e1s de 150 agresiones contra defensores de derechos humanos, de acuerdo con el coordinador general del Centro de Derechos Humanos Zeferino Ladrillero (CDHZL), Jos\u00e9 Antonio Lara Duque, informa el portal de noticias SinEmbargo.<\/p>\n<p>Las agresiones van desde amenazas telef\u00f3nicas, por mensajes de celular o a trav\u00e9s de otras personas, que encarcelamientos y homicidios, como afirm\u00f3 el abogado durante su ponencia en el marco de la campa\u00f1a de visibilizaci\u00f3n de defensores de derechos humanos \u201cHaz que se vean\u201d, promovida por la Comisi\u00f3n Mexicana de Defensa y Promoci\u00f3n de los Derechos Humanos. Pr\u00e1cticamente el 95 por ciento de esas agresiones y violaciones a defensores, han ocurrido en comunidades donde se pretende llevar a cabo proyectos inmobiliarios, carreteros o comerciales.<\/p>\n<p>\u201cEs decir: la disputa es por territorio, recursos naturales y sobre todo por el agua\u201d, dijo coordinador del centro de derechos humanos, que apoya a al menos unas 15 comunidades mexiquenses.<\/p>\n<p>Lara Duque expuso que el gobierno estatal, que hist\u00f3ricamente se ha mantenido en manos del Partido Revolucionario Institucional (PRI), ha implementado un \u201cproyecto a la mexiquense\u201d, que implica el desarrollo de viviendas, carreteras y comercios, con los servicios p\u00fablicos asociados a \u00e9stos, pero favoreciendo a grandes corporaciones en detrimento de las comunidades ind\u00edgenas a las que \u201carrebatan\u201d sus recursos naturales.<\/p>\n","protected":false},"excerpt":{"rendered":"<p>En los casi cuatro a\u00f1os de Gobierno del priista Eruviel \u00c1vila Villegas, en el Estado de M\u00e9xico se han registrado poco m\u00e1s de 150 agresiones contra defensores de derechos humanos, de acuerdo con el coordinador general del Centro de Derechos Humanos Zeferino Ladrillero (CDHZL), Jos\u00e9 Antonio Lara Duque, informa el portal de noticias SinEmbargo. Las &hellip; <\/p>\n<p><a class=\"more-link btn\" href=\"https:\/\/lamendigapolitica.com\/?p=28067\">Seguir leyendo<\/a><\/p>\n","protected":false},"author":1,"featured_media":0,"comment_status":"open","ping_status":"closed","sticky":false,"template":"","format":"standard","meta":{"footnotes":""},"categories":[20,3],"tags":[],"class_list":["post-28067","post","type-post","status-publish","format-standard","hentry","category-gobierno","category-politica","item-wrap"],"_links":{"self":[{"href":"https:\/\/lamendigapolitica.com\/index.php?rest_route=\/wp\/v2\/posts\/28067","targetHints":{"allow":["GET"]}}],"collection":[{"href":"https:\/\/lamendigapolitica.com\/index.php?rest_route=\/wp\/v2\/posts"}],"about":[{"href":"https:\/\/lamendigapolitica.com\/index.php?rest_route=\/wp\/v2\/types\/post"}],"author":[{"embeddable":true,"href":"https:\/\/lamendigapolitica.com\/index.php?rest_route=\/wp\/v2\/users\/1"}],"replies":[{"embeddable":true,"href":"https:\/\/lamendigapolitica.com\/index.php?rest_route=%2Fwp%2Fv2%2Fcomments&post=28067"}],"version-history":[{"count":1,"href":"https:\/\/lamendigapolitica.com\/index.php?rest_route=\/wp\/v2\/posts\/28067\/revisions"}],"predecessor-version":[{"id":28069,"href":"https:\/\/lamendigapolitica.com\/index.php?rest_route=\/wp\/v2\/posts\/28067\/revisions\/28069"}],"wp:attachment":[{"href":"https:\/\/lamendigapolitica.com\/index.php?rest_route=%2Fwp%2Fv2%2Fmedia&parent=28067"}],"wp:term":[{"taxonomy":"category","embeddable":true,"href":"https:\/\/lamendigapolitica.com\/index.php?rest_route=%2Fwp%2Fv2%2Fcategories&post=28067"},{"taxonomy":"post_tag","embeddable":true,"href":"https:\/\/lamendigapolitica.com\/index.php?rest_route=%2Fwp%2Fv2%2Ftags&post=28067"}],"curies":[{"name":"wp","href":"https:\/\/api.w.org\/{rel}","templated":true}]}}