{"id":28047,"date":"2015-07-15T12:02:11","date_gmt":"2015-07-15T17:02:11","guid":{"rendered":"http:\/\/lamendigapolitica.com\/blog\/?p=28047"},"modified":"2015-07-15T12:02:11","modified_gmt":"2015-07-15T17:02:11","slug":"entre-la-incredulidad-y-la-ironia-los-videos-de-la-cns","status":"publish","type":"post","link":"https:\/\/lamendigapolitica.com\/?p=28047","title":{"rendered":"Entre la incredulidad y la iron\u00eda, Los videos de la CNS"},"content":{"rendered":"<p><a href=\"https:\/\/lamendigapolitica.com\/blog\/blog\/wp-content\/uploads\/2015\/07\/tablet.jpg\"><img loading=\"lazy\" decoding=\"async\" class=\"aligncenter  wp-image-28048\" src=\"https:\/\/lamendigapolitica.com\/blog\/blog\/wp-content\/uploads\/2015\/07\/tablet.jpg\" alt=\"tablet\" width=\"347\" height=\"183\" srcset=\"https:\/\/lamendigapolitica.com\/wp-content\/uploads\/2015\/07\/tablet.jpg 309w, https:\/\/lamendigapolitica.com\/wp-content\/uploads\/2015\/07\/tablet-300x158.jpg 300w\" sizes=\"auto, (max-width: 347px) 100vw, 347px\" \/><\/a><\/p>\n<p>M\u00e1s que aclarar dudas los videos difundidos por el Comisionado Nacional de Seguridad, Monte Alejandro Rubido, agrega nuevas dudas sobre la versi\u00f3n oficial de la fuga de Joaqu\u00edn Guzm\u00e1n Loera, \u201cEl Chapo\u201d, del penal de alta seguridad de El Altiplano, reacci\u00f3n que se vi\u00f3 reflejada en las redes sociales.<\/p>\n<p>Una de ellas es el que en las im\u00e1genes mostradas por Monte Rubido se ve a Guzm\u00e1n Loera con cabello, cuando en las fotos que se difunden de \u00e9l est\u00e1 totalmente a rapa.<\/p>\n<p>Adem\u00e1s, en una de las esquinas se alcanza a observar la pantalla de lo que podr\u00eda ser una tablet, lo que sugiere que tendr\u00eda conexi\u00f3n de internet, algo prohibido en los penales.<\/p>\n<p>Estas sospechas son divulgadas intensamente esta noche por usuarios de internet.<\/p>\n","protected":false},"excerpt":{"rendered":"<p>M\u00e1s que aclarar dudas los videos difundidos por el Comisionado Nacional de Seguridad, Monte Alejandro Rubido, agrega nuevas dudas sobre la versi\u00f3n oficial de la fuga de Joaqu\u00edn Guzm\u00e1n Loera, \u201cEl Chapo\u201d, del penal de alta seguridad de El Altiplano, reacci\u00f3n que se vi\u00f3 reflejada en las redes sociales. Una de ellas es el que &hellip; <\/p>\n<p><a class=\"more-link btn\" href=\"https:\/\/lamendigapolitica.com\/?p=28047\">Seguir leyendo<\/a><\/p>\n","protected":false},"author":1,"featured_media":0,"comment_status":"open","ping_status":"closed","sticky":false,"template":"","format":"standard","meta":{"footnotes":""},"categories":[20,27],"tags":[],"class_list":["post-28047","post","type-post","status-publish","format-standard","hentry","category-gobierno","category-seguridad","item-wrap"],"_links":{"self":[{"href":"https:\/\/lamendigapolitica.com\/index.php?rest_route=\/wp\/v2\/posts\/28047","targetHints":{"allow":["GET"]}}],"collection":[{"href":"https:\/\/lamendigapolitica.com\/index.php?rest_route=\/wp\/v2\/posts"}],"about":[{"href":"https:\/\/lamendigapolitica.com\/index.php?rest_route=\/wp\/v2\/types\/post"}],"author":[{"embeddable":true,"href":"https:\/\/lamendigapolitica.com\/index.php?rest_route=\/wp\/v2\/users\/1"}],"replies":[{"embeddable":true,"href":"https:\/\/lamendigapolitica.com\/index.php?rest_route=%2Fwp%2Fv2%2Fcomments&post=28047"}],"version-history":[{"count":1,"href":"https:\/\/lamendigapolitica.com\/index.php?rest_route=\/wp\/v2\/posts\/28047\/revisions"}],"predecessor-version":[{"id":28049,"href":"https:\/\/lamendigapolitica.com\/index.php?rest_route=\/wp\/v2\/posts\/28047\/revisions\/28049"}],"wp:attachment":[{"href":"https:\/\/lamendigapolitica.com\/index.php?rest_route=%2Fwp%2Fv2%2Fmedia&parent=28047"}],"wp:term":[{"taxonomy":"category","embeddable":true,"href":"https:\/\/lamendigapolitica.com\/index.php?rest_route=%2Fwp%2Fv2%2Fcategories&post=28047"},{"taxonomy":"post_tag","embeddable":true,"href":"https:\/\/lamendigapolitica.com\/index.php?rest_route=%2Fwp%2Fv2%2Ftags&post=28047"}],"curies":[{"name":"wp","href":"https:\/\/api.w.org\/{rel}","templated":true}]}}