{"id":28039,"date":"2015-07-14T12:59:25","date_gmt":"2015-07-14T17:59:25","guid":{"rendered":"http:\/\/lamendigapolitica.com\/blog\/?p=28039"},"modified":"2015-07-14T12:59:25","modified_gmt":"2015-07-14T17:59:25","slug":"el-chapo-enemigo-publico-numero-uno-para-chicago","status":"publish","type":"post","link":"https:\/\/lamendigapolitica.com\/?p=28039","title":{"rendered":"&#8216;El Chapo&#8217;, enemigo p\u00fablico n\u00famero uno para Chicago"},"content":{"rendered":"<p><a href=\"https:\/\/lamendigapolitica.com\/blog\/blog\/wp-content\/uploads\/2015\/07\/chapo1.jpg\"><img loading=\"lazy\" decoding=\"async\" class=\"aligncenter size-full wp-image-28040\" src=\"https:\/\/lamendigapolitica.com\/blog\/blog\/wp-content\/uploads\/2015\/07\/chapo1.jpg\" alt=\"chapo\" width=\"333\" height=\"151\" \/><\/a><\/p>\n<p>Una vez que Joaqu\u00edn &#8216;El Chapo&#8217; Guzm\u00e1n, est\u00e1 por recuperar un t\u00edtulo tristemente c\u00e9lebre en Chicago, a miles de kil\u00f3metros de distancia de su pa\u00eds pues la Comisi\u00f3n contra el Crimen de Chicago inform\u00f3 el martes que volver\u00e1 a declarar oficialmente a Joaqu\u00edn \u00abEl Chapo\u00bb Guzm\u00e1n como Enemigo P\u00fablico N\u00famero Uno de Chicago.<\/p>\n<p>El organismo no gubernamental coloc\u00f3 esa etiqueta a Guzm\u00e1n en 2013 para subrayar que el c\u00e1rtel de Sinaloa domina el tr\u00e1fico de drogas en Chicago. La ciudad es un centro de distribuci\u00f3n clave para esa organizaci\u00f3n criminal.<\/p>\n<p>S\u00f3lo otra figura ha merecido el t\u00edtulo de Enemigo P\u00fablico N\u00famero Uno de la ciudad, el jefe mafioso Al Capone en la d\u00e9cada de 1930.<\/p>\n","protected":false},"excerpt":{"rendered":"<p>Una vez que Joaqu\u00edn &#8216;El Chapo&#8217; Guzm\u00e1n, est\u00e1 por recuperar un t\u00edtulo tristemente c\u00e9lebre en Chicago, a miles de kil\u00f3metros de distancia de su pa\u00eds pues la Comisi\u00f3n contra el Crimen de Chicago inform\u00f3 el martes que volver\u00e1 a declarar oficialmente a Joaqu\u00edn \u00abEl Chapo\u00bb Guzm\u00e1n como Enemigo P\u00fablico N\u00famero Uno de Chicago. El organismo &hellip; <\/p>\n<p><a class=\"more-link btn\" href=\"https:\/\/lamendigapolitica.com\/?p=28039\">Seguir leyendo<\/a><\/p>\n","protected":false},"author":1,"featured_media":0,"comment_status":"open","ping_status":"closed","sticky":false,"template":"","format":"standard","meta":{"footnotes":""},"categories":[20,27],"tags":[],"class_list":["post-28039","post","type-post","status-publish","format-standard","hentry","category-gobierno","category-seguridad","item-wrap"],"_links":{"self":[{"href":"https:\/\/lamendigapolitica.com\/index.php?rest_route=\/wp\/v2\/posts\/28039","targetHints":{"allow":["GET"]}}],"collection":[{"href":"https:\/\/lamendigapolitica.com\/index.php?rest_route=\/wp\/v2\/posts"}],"about":[{"href":"https:\/\/lamendigapolitica.com\/index.php?rest_route=\/wp\/v2\/types\/post"}],"author":[{"embeddable":true,"href":"https:\/\/lamendigapolitica.com\/index.php?rest_route=\/wp\/v2\/users\/1"}],"replies":[{"embeddable":true,"href":"https:\/\/lamendigapolitica.com\/index.php?rest_route=%2Fwp%2Fv2%2Fcomments&post=28039"}],"version-history":[{"count":1,"href":"https:\/\/lamendigapolitica.com\/index.php?rest_route=\/wp\/v2\/posts\/28039\/revisions"}],"predecessor-version":[{"id":28041,"href":"https:\/\/lamendigapolitica.com\/index.php?rest_route=\/wp\/v2\/posts\/28039\/revisions\/28041"}],"wp:attachment":[{"href":"https:\/\/lamendigapolitica.com\/index.php?rest_route=%2Fwp%2Fv2%2Fmedia&parent=28039"}],"wp:term":[{"taxonomy":"category","embeddable":true,"href":"https:\/\/lamendigapolitica.com\/index.php?rest_route=%2Fwp%2Fv2%2Fcategories&post=28039"},{"taxonomy":"post_tag","embeddable":true,"href":"https:\/\/lamendigapolitica.com\/index.php?rest_route=%2Fwp%2Fv2%2Ftags&post=28039"}],"curies":[{"name":"wp","href":"https:\/\/api.w.org\/{rel}","templated":true}]}}