{"id":27994,"date":"2015-07-13T18:39:31","date_gmt":"2015-07-13T23:39:31","guid":{"rendered":"http:\/\/lamendigapolitica.com\/blog\/?p=27994"},"modified":"2015-07-13T18:55:17","modified_gmt":"2015-07-13T23:55:17","slug":"27994","status":"publish","type":"post","link":"https:\/\/lamendigapolitica.com\/?p=27994","title":{"rendered":"Declaran 49 por fuga del Chapo"},"content":{"rendered":"<p style=\"color: #4d4d4d; font-family: Lato, sans-serif; font-size: 15px; line-height: 22.5px;\"><a href=\"https:\/\/lamendigapolitica.com\/blog\/blog\/wp-content\/uploads\/2015\/07\/images.jpg\"><img loading=\"lazy\" decoding=\"async\" class=\"aligncenter wp-image-27995 size-full\" src=\"https:\/\/lamendigapolitica.com\/blog\/blog\/wp-content\/uploads\/2015\/07\/images.jpg\" alt=\"images\" width=\"299\" height=\"168\" \/><\/a><\/p>\n<p style=\"color: #4d4d4d; font-family: Lato, sans-serif; font-size: 15px; line-height: 22.5px;\">Hasta este lunes 49 personas han declarado ante el Ministerio P\u00fablico, por la fuga de<strong>\u00a0<\/strong>Joaqu\u00edn Guzm\u00e1n Loera, informa la Secretar\u00eda de Gobernaci\u00f3n. El titular de esa dependencia,\u00a0Miguel \u00c1ngel Osorio Chong<b>,<\/b>\u00a0se reuni\u00f3 hoy con los titulares de la Comisi\u00f3n Nacional de Seguridad,\u00a0Monte Alejandro Rubido Garc\u00eda, y del Centro de Investigaci\u00f3n y Seguridad Nacional, Eugenio Imaz \u201ca fin de dar seguimiento a las acciones que se llevan a cabo desde la noche del s\u00e1bado pasado entre las distintas instituciones del Gabinete de Seguridad,\u00a0con el objetivo de recapturar a Joaqu\u00edn Guzm\u00e1n Loera\u201d<strong>,\u00a0<\/strong>inform\u00f3 la Segob en un comunicado.<\/p>\n<p style=\"color: #4d4d4d; font-family: Lato, sans-serif; font-size: 15px; line-height: 22.5px;\">Por otro lado se informa que el encuentro con la titular de la PGR es\u00a0privado y se realiz\u00f3 en la sede de la Secretar\u00eda de Gobernaci\u00f3n. Adem\u00e1s, se inform\u00f3 que Osorio acudir\u00e1 al\u00a0Centro Federal de Readaptaci\u00f3n Social N\u00famero 1 del Altiplano, acompa\u00f1ado de legisladores federales. \u201cUna vez concluidas las distintas reuniones, el Secretario Osorio Chong ofrecer\u00e1 una conferencia de prensa,\u00a0prevista aproximadamente a las 19 horas\u201c, precisa.<\/p>\n<p style=\"color: #4d4d4d; font-family: Lato, sans-serif; font-size: 15px; line-height: 22.5px;\">En un segundo comunicado\u00a0la Segob inform\u00f3 que \u201ca\u00a0fin de dar seguimiento a los avances en las investigaciones sobre los hechos ocurridos en el Centro Federal de Readaptaci\u00f3n Social (CEFERESO) N\u00famero 1, esta ma\u00f1ana, el Secretario de Gobernaci\u00f3n, Miguel \u00c1ngel Osorio Chong, y la Procuradora General de la Rep\u00fablica, Arely G\u00f3mez Gonz\u00e1lez, sostuvieron una reuni\u00f3n\u201d.<\/p>\n<p style=\"color: #4d4d4d; font-family: Lato, sans-serif; font-size: 15px; line-height: 22.5px;\">\u201cDurante la sesi\u00f3n de trabajo, los titulares de ambas dependencias analizaron las distintas l\u00edneas de investigaci\u00f3n que se encuentran abiertas, con el prop\u00f3sito de garantizar la exhaustividad en las indagatorias.\u00a0Igualmente, se dio cuenta de los\u00a0resultados que hasta el momento han arrojado las declaraciones rendidas por 49 personas ante el Ministerio P\u00fablico Federal. Ello, con el objetivo de fincar responsabilidades a quienes pudieron haber participado o coadyuvado en la evasi\u00f3n de Joaqu\u00edn Guzm\u00e1n Loera\u201d, abund\u00f3 la Segob.<\/p>\n","protected":false},"excerpt":{"rendered":"<p>Hasta este lunes 49 personas han declarado ante el Ministerio P\u00fablico, por la fuga de\u00a0Joaqu\u00edn Guzm\u00e1n Loera, informa la Secretar\u00eda de Gobernaci\u00f3n. El titular de esa dependencia,\u00a0Miguel \u00c1ngel Osorio Chong,\u00a0se reuni\u00f3 hoy con los titulares de la Comisi\u00f3n Nacional de Seguridad,\u00a0Monte Alejandro Rubido Garc\u00eda, y del Centro de Investigaci\u00f3n y Seguridad Nacional, Eugenio Imaz \u201ca &hellip; <\/p>\n<p><a class=\"more-link btn\" href=\"https:\/\/lamendigapolitica.com\/?p=27994\">Seguir leyendo<\/a><\/p>\n","protected":false},"author":1,"featured_media":0,"comment_status":"open","ping_status":"closed","sticky":false,"template":"","format":"standard","meta":{"footnotes":""},"categories":[20,27],"tags":[],"class_list":["post-27994","post","type-post","status-publish","format-standard","hentry","category-gobierno","category-seguridad","item-wrap"],"_links":{"self":[{"href":"https:\/\/lamendigapolitica.com\/index.php?rest_route=\/wp\/v2\/posts\/27994","targetHints":{"allow":["GET"]}}],"collection":[{"href":"https:\/\/lamendigapolitica.com\/index.php?rest_route=\/wp\/v2\/posts"}],"about":[{"href":"https:\/\/lamendigapolitica.com\/index.php?rest_route=\/wp\/v2\/types\/post"}],"author":[{"embeddable":true,"href":"https:\/\/lamendigapolitica.com\/index.php?rest_route=\/wp\/v2\/users\/1"}],"replies":[{"embeddable":true,"href":"https:\/\/lamendigapolitica.com\/index.php?rest_route=%2Fwp%2Fv2%2Fcomments&post=27994"}],"version-history":[{"count":3,"href":"https:\/\/lamendigapolitica.com\/index.php?rest_route=\/wp\/v2\/posts\/27994\/revisions"}],"predecessor-version":[{"id":27998,"href":"https:\/\/lamendigapolitica.com\/index.php?rest_route=\/wp\/v2\/posts\/27994\/revisions\/27998"}],"wp:attachment":[{"href":"https:\/\/lamendigapolitica.com\/index.php?rest_route=%2Fwp%2Fv2%2Fmedia&parent=27994"}],"wp:term":[{"taxonomy":"category","embeddable":true,"href":"https:\/\/lamendigapolitica.com\/index.php?rest_route=%2Fwp%2Fv2%2Fcategories&post=27994"},{"taxonomy":"post_tag","embeddable":true,"href":"https:\/\/lamendigapolitica.com\/index.php?rest_route=%2Fwp%2Fv2%2Ftags&post=27994"}],"curies":[{"name":"wp","href":"https:\/\/api.w.org\/{rel}","templated":true}]}}