{"id":27969,"date":"2015-07-12T10:08:09","date_gmt":"2015-07-12T15:08:09","guid":{"rendered":"http:\/\/lamendigapolitica.com\/blog\/?p=27969"},"modified":"2015-07-12T10:08:09","modified_gmt":"2015-07-12T15:08:09","slug":"osorio-chong-regresa-de-francia-por-el-chapo","status":"publish","type":"post","link":"https:\/\/lamendigapolitica.com\/?p=27969","title":{"rendered":"Osorio Chong regresa de Francia por &#8216;El Chapo&#8217;"},"content":{"rendered":"<p><a href=\"https:\/\/lamendigapolitica.com\/blog\/blog\/wp-content\/uploads\/2015\/07\/osorio.jpg\"><img loading=\"lazy\" decoding=\"async\" class=\"aligncenter  wp-image-27970\" src=\"https:\/\/lamendigapolitica.com\/blog\/blog\/wp-content\/uploads\/2015\/07\/osorio.jpg\" alt=\"osorio\" width=\"344\" height=\"228\" \/><\/a><\/p>\n<p>En gira por Paris, Francia el presidente de M\u00e9xico, Enrique Pe\u00f1a Nieto ofrecer\u00e1 un mensaje con respecto a la fuga del Chapo Guzm\u00e1n, hoy cerca del mediod\u00eda, tiempo de la Ciudad de M\u00e9xico. En este mensaje se espera que est\u00e9 presente el  embajador de M\u00e9xico en Francia, el general Salvador Cienfuegos y otros funcionarios que acompa\u00f1an a Pe\u00f1a Nieto en esta gira.<\/p>\n<p>Aunque el secretario de Gobernaci\u00f3n, Miguel \u00c1ngel Osorio Chong est\u00e1 presente en el viaje al pa\u00eds europeo, es muy probable que \u00e9l regrese de inmediato a M\u00e9xico para iniciar las investigaciones con respecto a la nueva fuga de Joaqu\u00edn Guzm\u00e1n Loera, mejor conocido como el \u2018Chapo Guzm\u00e1n\u2019.<\/p>\n<p>Hasta el momento, no se ha modificado la agenda de Pe\u00f1a Nieto en Francia, todo indica que sigue lo programado para los siguientes cuatro d\u00edas.<\/p>\n","protected":false},"excerpt":{"rendered":"<p>En gira por Paris, Francia el presidente de M\u00e9xico, Enrique Pe\u00f1a Nieto ofrecer\u00e1 un mensaje con respecto a la fuga del Chapo Guzm\u00e1n, hoy cerca del mediod\u00eda, tiempo de la Ciudad de M\u00e9xico. En este mensaje se espera que est\u00e9 presente el embajador de M\u00e9xico en Francia, el general Salvador Cienfuegos y otros funcionarios que &hellip; <\/p>\n<p><a class=\"more-link btn\" href=\"https:\/\/lamendigapolitica.com\/?p=27969\">Seguir leyendo<\/a><\/p>\n","protected":false},"author":1,"featured_media":0,"comment_status":"open","ping_status":"closed","sticky":false,"template":"","format":"standard","meta":{"footnotes":""},"categories":[20,27],"tags":[],"class_list":["post-27969","post","type-post","status-publish","format-standard","hentry","category-gobierno","category-seguridad","item-wrap"],"_links":{"self":[{"href":"https:\/\/lamendigapolitica.com\/index.php?rest_route=\/wp\/v2\/posts\/27969","targetHints":{"allow":["GET"]}}],"collection":[{"href":"https:\/\/lamendigapolitica.com\/index.php?rest_route=\/wp\/v2\/posts"}],"about":[{"href":"https:\/\/lamendigapolitica.com\/index.php?rest_route=\/wp\/v2\/types\/post"}],"author":[{"embeddable":true,"href":"https:\/\/lamendigapolitica.com\/index.php?rest_route=\/wp\/v2\/users\/1"}],"replies":[{"embeddable":true,"href":"https:\/\/lamendigapolitica.com\/index.php?rest_route=%2Fwp%2Fv2%2Fcomments&post=27969"}],"version-history":[{"count":1,"href":"https:\/\/lamendigapolitica.com\/index.php?rest_route=\/wp\/v2\/posts\/27969\/revisions"}],"predecessor-version":[{"id":27971,"href":"https:\/\/lamendigapolitica.com\/index.php?rest_route=\/wp\/v2\/posts\/27969\/revisions\/27971"}],"wp:attachment":[{"href":"https:\/\/lamendigapolitica.com\/index.php?rest_route=%2Fwp%2Fv2%2Fmedia&parent=27969"}],"wp:term":[{"taxonomy":"category","embeddable":true,"href":"https:\/\/lamendigapolitica.com\/index.php?rest_route=%2Fwp%2Fv2%2Fcategories&post=27969"},{"taxonomy":"post_tag","embeddable":true,"href":"https:\/\/lamendigapolitica.com\/index.php?rest_route=%2Fwp%2Fv2%2Ftags&post=27969"}],"curies":[{"name":"wp","href":"https:\/\/api.w.org\/{rel}","templated":true}]}}