{"id":27966,"date":"2015-07-12T10:06:10","date_gmt":"2015-07-12T15:06:10","guid":{"rendered":"http:\/\/lamendigapolitica.com\/blog\/?p=27966"},"modified":"2015-07-12T10:06:10","modified_gmt":"2015-07-12T15:06:10","slug":"se-fuga-nuevamente-el-chapo","status":"publish","type":"post","link":"https:\/\/lamendigapolitica.com\/?p=27966","title":{"rendered":"Se fuga nuevamente &#8216;El Chapo&#8217;"},"content":{"rendered":"<p><a href=\"https:\/\/lamendigapolitica.com\/blog\/blog\/wp-content\/uploads\/2015\/07\/chapo.jpg\"><img loading=\"lazy\" decoding=\"async\" class=\"aligncenter  wp-image-27967\" src=\"https:\/\/lamendigapolitica.com\/blog\/blog\/wp-content\/uploads\/2015\/07\/chapo.jpg\" alt=\"chapo\" width=\"364\" height=\"204\" \/><\/a><\/p>\n<p>Por segunda ocasi\u00f3n Joaqu\u00edn Guzm\u00e1n Loera El Chapo se fuga de una c\u00e1rcel de m\u00e1xima seguridad, anoche se evadi\u00f3 del penal de m\u00e1xima seguridad El Altiplano 1, en Almoloya de Ju\u00e1rez, Estado de M\u00e9xico, confirm\u00f3 la Comisi\u00f3n Nacional de Seguridad (CNS) de la Secretar\u00eda de Gobernaci\u00f3n.<\/p>\n<p>La primera ocurri\u00f3 el 19 de enero de 2001, cuando estaba preso en la c\u00e1rcel de Puente Grande, en Jalisco.El narcotraficante, l\u00edder del c\u00e1rtel del Pac\u00edfico, hab\u00eda sido recapturado el s\u00e1bado 22 de febrero de 2014, d\u00eda en que fue internado en el penal de El Altiplano. La nueva fuga de El Chapo Guzm\u00e1n ocurri\u00f3 la noche de ayer s\u00e1bado y, de acuerdo con la informaci\u00f3n oficial, la \u00faltima vez que fue visto dentro de la citada c\u00e1rcel fue a las 20:52 horas, cuando \u201cse aproxim\u00f3 al \u00e1rea de la regadera dentro de la estancia 20 del pasillo 2, donde habitualmente, adem\u00e1s del aseo personal, lavan sus enseres\u201d.<\/p>\n<p>Monte Alejandro Rubido Garc\u00eda, titular de la Comisi\u00f3n Nacional de Seguridad (CNS), afirm\u00f3 al punto de las 7:21 horas de este domingo que 18 elementos de diversas \u00e1reas del Penal de El Altiplano, en el Estado de M\u00e9xico, est\u00e1n siendo trasladados al Distrito Federal para ser investigados.<\/p>\n<p>El funcionario federal explic\u00f3 que la noche de ayer transcurr\u00eda normal e incluso \u201cEl Chapo\u201d recibi\u00f3 su dosis diaria de medicamento. En la revisi\u00f3n posterior a la fuga, dijo, se encontr\u00f3 un hueco en el \u00e1rea de la regadera de su celda de 50 por 50 cent\u00edmetros, donde se hall\u00f3 un conducto vertical de 10 metros de profundidad habilitado con una escalera, que conduc\u00eda a un t\u00fanel de un kil\u00f3metro y medio de distancia. \u00c9ste estaba equipado con tuber\u00eda de PVC \u2013para facilitar la ventilaci\u00f3n\u2013 y tambi\u00e9n con alumbrado. Adem\u00e1s se encontr\u00f3 una motocicleta que deducen sirvi\u00f3 para extraer la tierra en la perforaci\u00f3n.<\/p>\n<p>A lo largo del t\u00fanel, expuso, se hallaron diversos objetos de construcci\u00f3n. El pasaje llevaba a un predio de la colonia Santa Juanita, ubicado al suroeste de la instalaci\u00f3n penitenciaria. De acuerdo con los protocolos de alerta del penal, a\u00f1adi\u00f3, se decret\u00f3 la alerta roja, se asegur\u00f3 a los reos y se prohibi\u00f3 las entradas y salidas del recinto. Tambi\u00e9n se aplic\u00f3 un operativo en las zonas aleda\u00f1as y se suspendieron los vuelos del Aeropuerto Internacional de Toluca.<\/p>\n<p>El 26 de marzo de 2014, el propio Monte Alejandro Rubido Garc\u00eda asegur\u00f3 que Joaqu\u00edn Guzm\u00e1n Loera no volver\u00eda a repetir la haza\u00f1a de fugarse de un centro penitenciario, como hab\u00eda hecho en 2001.<\/p>\n","protected":false},"excerpt":{"rendered":"<p>Por segunda ocasi\u00f3n Joaqu\u00edn Guzm\u00e1n Loera El Chapo se fuga de una c\u00e1rcel de m\u00e1xima seguridad, anoche se evadi\u00f3 del penal de m\u00e1xima seguridad El Altiplano 1, en Almoloya de Ju\u00e1rez, Estado de M\u00e9xico, confirm\u00f3 la Comisi\u00f3n Nacional de Seguridad (CNS) de la Secretar\u00eda de Gobernaci\u00f3n. La primera ocurri\u00f3 el 19 de enero de 2001, &hellip; <\/p>\n<p><a class=\"more-link btn\" href=\"https:\/\/lamendigapolitica.com\/?p=27966\">Seguir leyendo<\/a><\/p>\n","protected":false},"author":1,"featured_media":0,"comment_status":"open","ping_status":"closed","sticky":false,"template":"","format":"standard","meta":{"footnotes":""},"categories":[20,27],"tags":[],"class_list":["post-27966","post","type-post","status-publish","format-standard","hentry","category-gobierno","category-seguridad","item-wrap"],"_links":{"self":[{"href":"https:\/\/lamendigapolitica.com\/index.php?rest_route=\/wp\/v2\/posts\/27966","targetHints":{"allow":["GET"]}}],"collection":[{"href":"https:\/\/lamendigapolitica.com\/index.php?rest_route=\/wp\/v2\/posts"}],"about":[{"href":"https:\/\/lamendigapolitica.com\/index.php?rest_route=\/wp\/v2\/types\/post"}],"author":[{"embeddable":true,"href":"https:\/\/lamendigapolitica.com\/index.php?rest_route=\/wp\/v2\/users\/1"}],"replies":[{"embeddable":true,"href":"https:\/\/lamendigapolitica.com\/index.php?rest_route=%2Fwp%2Fv2%2Fcomments&post=27966"}],"version-history":[{"count":1,"href":"https:\/\/lamendigapolitica.com\/index.php?rest_route=\/wp\/v2\/posts\/27966\/revisions"}],"predecessor-version":[{"id":27968,"href":"https:\/\/lamendigapolitica.com\/index.php?rest_route=\/wp\/v2\/posts\/27966\/revisions\/27968"}],"wp:attachment":[{"href":"https:\/\/lamendigapolitica.com\/index.php?rest_route=%2Fwp%2Fv2%2Fmedia&parent=27966"}],"wp:term":[{"taxonomy":"category","embeddable":true,"href":"https:\/\/lamendigapolitica.com\/index.php?rest_route=%2Fwp%2Fv2%2Fcategories&post=27966"},{"taxonomy":"post_tag","embeddable":true,"href":"https:\/\/lamendigapolitica.com\/index.php?rest_route=%2Fwp%2Fv2%2Ftags&post=27966"}],"curies":[{"name":"wp","href":"https:\/\/api.w.org\/{rel}","templated":true}]}}