{"id":27962,"date":"2015-07-11T12:19:05","date_gmt":"2015-07-11T17:19:05","guid":{"rendered":"http:\/\/lamendigapolitica.com\/blog\/?p=27962"},"modified":"2015-07-11T12:19:05","modified_gmt":"2015-07-11T17:19:05","slug":"protestas-anti-pena-en-francia","status":"publish","type":"post","link":"https:\/\/lamendigapolitica.com\/?p=27962","title":{"rendered":"Protestas anti Pe\u00f1a en Francia"},"content":{"rendered":"<p><a href=\"https:\/\/lamendigapolitica.com\/blog\/blog\/wp-content\/uploads\/2015\/07\/pe\u00f1a2.jpg\"><img loading=\"lazy\" decoding=\"async\" class=\"aligncenter  wp-image-27964\" src=\"https:\/\/lamendigapolitica.com\/blog\/blog\/wp-content\/uploads\/2015\/07\/pe\u00f1a2.jpg\" alt=\"pe\u00f1a\" width=\"334\" height=\"229\" \/><\/a><\/p>\n<p>Diversas organizaciones civiles, entre ellas Amnist\u00eda Internacional, exigieron al Presidente de Francia, Fran\u00e7ois Hollande, que durante la visita de Estado de su hom\u00f3logo mexicano Enrique Pe\u00f1a Nieto, le recuerde que la desaparici\u00f3n forzada, la tortura y las detenciones arbitrarias, \u201cpr\u00e1cticas comunes entre la fuerzas de seguridad y la polic\u00eda mexicana\u201d, no pueden permanecer impunes.<\/p>\n<p>Adem\u00e1s anunciaron que ante la \u201cdeplorable visita de Estado\u201d del Presidente mexicano se realizar\u00e1n una serie de eventos \u201canti Pe\u00f1a Nieto\u201d, con las que buscaran expresar \u201cla indignaci\u00f3n, pero tambi\u00e9n la solidaridad hacia el pueblo mexicano, denunciando a la vez la violencia del Estado, la corrupci\u00f3n del Gobierno y la impunidad que \u00e9ste hace reinar en M\u00e9xico\u201d.<\/p>\n<p>Amnist\u00eda Internacional Francia, el Colectivo Par\u00eds-Ayotzinapa, as\u00ed como la organizaci\u00f3n Acci\u00f3n de los Cristianos para la Abolici\u00f3n de la Tortura (ACAT), hicieron un \u201cllamado [al Presidente] Fran\u00e7ois Hollande para que interpele a su hom\u00f3logo sobre el respeto de los derechos humanos en M\u00e9xico y la investigaci\u00f3n concerniente a los 43 estudiantes desaparecidos el 26 de Septiembre de 2014\u201d.<\/p>\n<p>\u201cLas desapariciones forzadas, la tortura y las detenciones arbitrarias son pr\u00e1cticas comunes entre las fuerzas de seguridad y la polic\u00eda mexicana. Fran\u00e7ois Hollande debe recordar a su invitado que estas acciones no pueden permanecer impunes, mientras Francia celebrar\u00e1 su fiesta nacional\u201d, inst\u00f3 Genevi\u00e8ve Garrigos, presidenta de Amnist\u00eda International Francia.<\/p>\n<p>Enrique Pe\u00f1a Nieto viajar\u00e1 a Francia desde el pr\u00f3ximo s\u00e1bado 11 de julio y hasta el viernes 17, seg\u00fan inform\u00f3 el mandatario federal al Congreso de la Uni\u00f3n, con motivo de la visita de Estado a la Rep\u00fablica Francesa.<\/p>\n","protected":false},"excerpt":{"rendered":"<p>Diversas organizaciones civiles, entre ellas Amnist\u00eda Internacional, exigieron al Presidente de Francia, Fran\u00e7ois Hollande, que durante la visita de Estado de su hom\u00f3logo mexicano Enrique Pe\u00f1a Nieto, le recuerde que la desaparici\u00f3n forzada, la tortura y las detenciones arbitrarias, \u201cpr\u00e1cticas comunes entre la fuerzas de seguridad y la polic\u00eda mexicana\u201d, no pueden permanecer impunes. Adem\u00e1s &hellip; <\/p>\n<p><a class=\"more-link btn\" href=\"https:\/\/lamendigapolitica.com\/?p=27962\">Seguir leyendo<\/a><\/p>\n","protected":false},"author":1,"featured_media":0,"comment_status":"open","ping_status":"closed","sticky":false,"template":"","format":"standard","meta":{"footnotes":""},"categories":[20,3],"tags":[],"class_list":["post-27962","post","type-post","status-publish","format-standard","hentry","category-gobierno","category-politica","item-wrap"],"_links":{"self":[{"href":"https:\/\/lamendigapolitica.com\/index.php?rest_route=\/wp\/v2\/posts\/27962","targetHints":{"allow":["GET"]}}],"collection":[{"href":"https:\/\/lamendigapolitica.com\/index.php?rest_route=\/wp\/v2\/posts"}],"about":[{"href":"https:\/\/lamendigapolitica.com\/index.php?rest_route=\/wp\/v2\/types\/post"}],"author":[{"embeddable":true,"href":"https:\/\/lamendigapolitica.com\/index.php?rest_route=\/wp\/v2\/users\/1"}],"replies":[{"embeddable":true,"href":"https:\/\/lamendigapolitica.com\/index.php?rest_route=%2Fwp%2Fv2%2Fcomments&post=27962"}],"version-history":[{"count":1,"href":"https:\/\/lamendigapolitica.com\/index.php?rest_route=\/wp\/v2\/posts\/27962\/revisions"}],"predecessor-version":[{"id":27965,"href":"https:\/\/lamendigapolitica.com\/index.php?rest_route=\/wp\/v2\/posts\/27962\/revisions\/27965"}],"wp:attachment":[{"href":"https:\/\/lamendigapolitica.com\/index.php?rest_route=%2Fwp%2Fv2%2Fmedia&parent=27962"}],"wp:term":[{"taxonomy":"category","embeddable":true,"href":"https:\/\/lamendigapolitica.com\/index.php?rest_route=%2Fwp%2Fv2%2Fcategories&post=27962"},{"taxonomy":"post_tag","embeddable":true,"href":"https:\/\/lamendigapolitica.com\/index.php?rest_route=%2Fwp%2Fv2%2Ftags&post=27962"}],"curies":[{"name":"wp","href":"https:\/\/api.w.org\/{rel}","templated":true}]}}