{"id":27956,"date":"2015-07-11T12:11:58","date_gmt":"2015-07-11T17:11:58","guid":{"rendered":"http:\/\/lamendigapolitica.com\/blog\/?p=27956"},"modified":"2015-07-11T12:11:58","modified_gmt":"2015-07-11T17:11:58","slug":"practicantes-cortan-el-pene-a-un-bebe-por-una-confusion","status":"publish","type":"post","link":"https:\/\/lamendigapolitica.com\/?p=27956","title":{"rendered":"Practicantes cortan el pene a un beb\u00e9 por una \u201cconfusi\u00f3n\u201d"},"content":{"rendered":"<p><a href=\"https:\/\/lamendigapolitica.com\/blog\/blog\/wp-content\/uploads\/2015\/07\/di\u00f1o.jpg\"><img loading=\"lazy\" decoding=\"async\" class=\"aligncenter  wp-image-27960\" src=\"https:\/\/lamendigapolitica.com\/blog\/blog\/wp-content\/uploads\/2015\/07\/di\u00f1o.jpg\" alt=\"di\u00f1o\" width=\"304\" height=\"218\" \/><\/a><\/p>\n<p>Dos practicantes de la cl\u00ednica uno del Instituto Mexicano del Seguro Social (IMSS) cortaron el pene a un reci\u00e9n nacido al confundirlo con el cord\u00f3n umbilical. Los padres del infante acudieron a presentar su denuncia en la Comisi\u00f3n Coahuilense de Conciliaci\u00f3n y Arbitraje M\u00e9dico (COCCAM).<\/p>\n<p>Diego Rangel, el padre del beb\u00e9 declar\u00f3: \u201ccuando nace mi ni\u00f1o a m\u00ed me avisan tres horas despu\u00e9s porque yo creo que ya estaban acomodando, qu\u00e9 es lo que me iban a explicar, c\u00f3mo me lo iban a explicar.\u201d dijo que uno de los cirujanos de IMSS le inform\u00f3 que su hijo ya estaba siendo atendido por una herida de un cent\u00edmetro de profundidad. Aunque, asegur\u00f3, al termino de la operaci\u00f3n en la que iban a suturar el prepucio del beb\u00e9 le fue informado que ten\u00eda otras dos heridas m\u00e1s:<\/p>\n<p>\u201cCuando acaba la operaci\u00f3n, la cirug\u00eda, el cirujano del seguro me sale con que fueron otras dos m\u00e1s\u201d, dijo. El IMSS de Saltillo rechaz\u00f3 que se hayan cortado los genitales del reci\u00e9n nacido, aunque reconoci\u00f3 que \u201cdurante la labor de parto, al momento de cortar el cord\u00f3n umbilical, incidentalmente se lesion\u00f3 la piel del prepucio\u201d. Las autoridades del Seguro Social afirmaron que \u201cel incidente\u201d se corrigi\u00f3 \u201cal realizar el procedimiento habitual de \u2018circuncisi\u00f3n\u2019 al menor, previo consentimiento de los padres\u201d.<\/p>\n<p>No obstante, el IMSS de Saltillo dijo que el Delegado de esa dependencia en Coahuila, Jos\u00e9 Luis D\u00e1vila Flores, instruy\u00f3 a la Coordinaci\u00f3n de Atenci\u00f3n y Orientaci\u00f3n al Derechohabiente a mantener un vinculo estrecho con la familia para atender cualquier duda que pudiese presentarse\u201d. \u201cAdem\u00e1s, se orden\u00f3 una investigaci\u00f3n interna para determinar que el proceso m\u00e9dico, en su totalidad, se haya realizado en apego a las gu\u00edas de pr\u00e1ctica cl\u00ednica\u201d.<\/p>\n<p>La madre del peque\u00f1o, Zuelem Contreras Duque, declar\u00f3 que tras sacar al beb\u00e9 dos practicantes hicieron tres incisiones, esto sin la supervisi\u00f3n de la doctora en turno, de aproximadamente un cent\u00edmetro de profundidad en el pene del beb\u00e9. En el momento que la doctora se percat\u00f3 de lo ocurrido, llam\u00f3 la atenci\u00f3n a las muchachas, quienes argumentaron que el \u201caccidente\u201d hab\u00eda ocurrido porque el reci\u00e9n nacido se movi\u00f3.En el IMSS no quisieron dar los nombres de los responsables a los padres.<\/p>\n","protected":false},"excerpt":{"rendered":"<p>Dos practicantes de la cl\u00ednica uno del Instituto Mexicano del Seguro Social (IMSS) cortaron el pene a un reci\u00e9n nacido al confundirlo con el cord\u00f3n umbilical. Los padres del infante acudieron a presentar su denuncia en la Comisi\u00f3n Coahuilense de Conciliaci\u00f3n y Arbitraje M\u00e9dico (COCCAM). Diego Rangel, el padre del beb\u00e9 declar\u00f3: \u201ccuando nace mi &hellip; <\/p>\n<p><a class=\"more-link btn\" href=\"https:\/\/lamendigapolitica.com\/?p=27956\">Seguir leyendo<\/a><\/p>\n","protected":false},"author":1,"featured_media":0,"comment_status":"open","ping_status":"closed","sticky":false,"template":"","format":"standard","meta":{"footnotes":""},"categories":[20,29],"tags":[],"class_list":["post-27956","post","type-post","status-publish","format-standard","hentry","category-gobierno","category-salud","item-wrap"],"_links":{"self":[{"href":"https:\/\/lamendigapolitica.com\/index.php?rest_route=\/wp\/v2\/posts\/27956","targetHints":{"allow":["GET"]}}],"collection":[{"href":"https:\/\/lamendigapolitica.com\/index.php?rest_route=\/wp\/v2\/posts"}],"about":[{"href":"https:\/\/lamendigapolitica.com\/index.php?rest_route=\/wp\/v2\/types\/post"}],"author":[{"embeddable":true,"href":"https:\/\/lamendigapolitica.com\/index.php?rest_route=\/wp\/v2\/users\/1"}],"replies":[{"embeddable":true,"href":"https:\/\/lamendigapolitica.com\/index.php?rest_route=%2Fwp%2Fv2%2Fcomments&post=27956"}],"version-history":[{"count":1,"href":"https:\/\/lamendigapolitica.com\/index.php?rest_route=\/wp\/v2\/posts\/27956\/revisions"}],"predecessor-version":[{"id":27961,"href":"https:\/\/lamendigapolitica.com\/index.php?rest_route=\/wp\/v2\/posts\/27956\/revisions\/27961"}],"wp:attachment":[{"href":"https:\/\/lamendigapolitica.com\/index.php?rest_route=%2Fwp%2Fv2%2Fmedia&parent=27956"}],"wp:term":[{"taxonomy":"category","embeddable":true,"href":"https:\/\/lamendigapolitica.com\/index.php?rest_route=%2Fwp%2Fv2%2Fcategories&post=27956"},{"taxonomy":"post_tag","embeddable":true,"href":"https:\/\/lamendigapolitica.com\/index.php?rest_route=%2Fwp%2Fv2%2Ftags&post=27956"}],"curies":[{"name":"wp","href":"https:\/\/api.w.org\/{rel}","templated":true}]}}