{"id":27952,"date":"2015-07-11T12:03:32","date_gmt":"2015-07-11T17:03:32","guid":{"rendered":"http:\/\/lamendigapolitica.com\/blog\/?p=27952"},"modified":"2015-07-11T12:03:32","modified_gmt":"2015-07-11T17:03:32","slug":"evacuan-a-mas-de-100-personas-en-colima-por-actividad-de-volcan","status":"publish","type":"post","link":"https:\/\/lamendigapolitica.com\/?p=27952","title":{"rendered":"Evacuan a m\u00e1s de 100 personas en Colima por actividad de volc\u00e1n"},"content":{"rendered":"<p><a href=\"https:\/\/lamendigapolitica.com\/blog\/blog\/wp-content\/uploads\/2015\/07\/volcan1.jpg\"><img loading=\"lazy\" decoding=\"async\" class=\"aligncenter  wp-image-27953\" src=\"https:\/\/lamendigapolitica.com\/blog\/blog\/wp-content\/uploads\/2015\/07\/volcan1.jpg\" alt=\"volcan\" width=\"351\" height=\"236\" \/><\/a><\/p>\n<p>Debido a la constante actividad del Volc\u00e1n de Fuego, 121 personas de las comunidades de La Becerra y Yerbabuena en Colima fueron evacuados como medida de precauci\u00f3n. As\u00ed lo dio a conocer el gobernador de Colima, Mario Anguiano a trav\u00e9s de su cuenta de Twitter, quien detall\u00f3 que el volc\u00e1n se encuentra en etapa efusiva.<\/p>\n<p> Detall\u00f3 que 40 personas son pertececientes a la Yerbabuena y 81 a La Becerra.Inform\u00f3 que realizar\u00e1n un recorrido de inspecci\u00f3n para verificar las condiciones en que se encuentran las personas en los albergues y zonas aleda\u00f1as al volc\u00e1n. En tanto, el Coordinador Nacional de Protecci\u00f3n Civil, Luis Felipe Puente, inform\u00f3 que la actividad del Volc\u00e1n de Fuego se mantiene con constante emisi\u00f3n de material incandescente y se prev\u00e9 que en los pr\u00f3ximos d\u00edas disminuya de forma lenta.<\/p>\n<p>\u201cPaso la noche emitiendo continuos flujos pirocl\u00e1sticos por las laderas, se mantiene permanente monitoreo de su actividad\u201d. La noche de este viernes, alrededor de las 20:00 horas de este viernes, la actividad del Volc\u00e1n de Fuego de Colima registr\u00f3 un incremento considerable, consisti\u00f3 en una emisi\u00f3n constante de ceniza y flujos de material incandescente hacia el sector Oeste-Suroeste, con una duraci\u00f3n de 45 minutos y una altura aproximada de 4 mil metros con alto contenido de ceniza.<\/p>\n<p>Derivado de lo anterior, la Unidad Estatal de Protecci\u00f3n Civil de Colima, determin\u00f3 la evacuaci\u00f3n preventiva de 19 personas residentes de la comunidad de la Yerbabuena, municipio de Comala.<\/p>\n","protected":false},"excerpt":{"rendered":"<p>Debido a la constante actividad del Volc\u00e1n de Fuego, 121 personas de las comunidades de La Becerra y Yerbabuena en Colima fueron evacuados como medida de precauci\u00f3n. As\u00ed lo dio a conocer el gobernador de Colima, Mario Anguiano a trav\u00e9s de su cuenta de Twitter, quien detall\u00f3 que el volc\u00e1n se encuentra en etapa efusiva. &hellip; <\/p>\n<p><a class=\"more-link btn\" href=\"https:\/\/lamendigapolitica.com\/?p=27952\">Seguir leyendo<\/a><\/p>\n","protected":false},"author":1,"featured_media":0,"comment_status":"open","ping_status":"closed","sticky":false,"template":"","format":"standard","meta":{"footnotes":""},"categories":[20,27],"tags":[],"class_list":["post-27952","post","type-post","status-publish","format-standard","hentry","category-gobierno","category-seguridad","item-wrap"],"_links":{"self":[{"href":"https:\/\/lamendigapolitica.com\/index.php?rest_route=\/wp\/v2\/posts\/27952","targetHints":{"allow":["GET"]}}],"collection":[{"href":"https:\/\/lamendigapolitica.com\/index.php?rest_route=\/wp\/v2\/posts"}],"about":[{"href":"https:\/\/lamendigapolitica.com\/index.php?rest_route=\/wp\/v2\/types\/post"}],"author":[{"embeddable":true,"href":"https:\/\/lamendigapolitica.com\/index.php?rest_route=\/wp\/v2\/users\/1"}],"replies":[{"embeddable":true,"href":"https:\/\/lamendigapolitica.com\/index.php?rest_route=%2Fwp%2Fv2%2Fcomments&post=27952"}],"version-history":[{"count":1,"href":"https:\/\/lamendigapolitica.com\/index.php?rest_route=\/wp\/v2\/posts\/27952\/revisions"}],"predecessor-version":[{"id":27954,"href":"https:\/\/lamendigapolitica.com\/index.php?rest_route=\/wp\/v2\/posts\/27952\/revisions\/27954"}],"wp:attachment":[{"href":"https:\/\/lamendigapolitica.com\/index.php?rest_route=%2Fwp%2Fv2%2Fmedia&parent=27952"}],"wp:term":[{"taxonomy":"category","embeddable":true,"href":"https:\/\/lamendigapolitica.com\/index.php?rest_route=%2Fwp%2Fv2%2Fcategories&post=27952"},{"taxonomy":"post_tag","embeddable":true,"href":"https:\/\/lamendigapolitica.com\/index.php?rest_route=%2Fwp%2Fv2%2Ftags&post=27952"}],"curies":[{"name":"wp","href":"https:\/\/api.w.org\/{rel}","templated":true}]}}