{"id":27944,"date":"2015-07-10T13:38:27","date_gmt":"2015-07-10T18:38:27","guid":{"rendered":"http:\/\/lamendigapolitica.com\/blog\/?p=27944"},"modified":"2015-07-10T13:38:27","modified_gmt":"2015-07-10T18:38:27","slug":"volcan-el-colima-en-actividad-permanente","status":"publish","type":"post","link":"https:\/\/lamendigapolitica.com\/?p=27944","title":{"rendered":"Volc\u00e1n El Colima en actividad permanente"},"content":{"rendered":"<p><a href=\"https:\/\/lamendigapolitica.com\/blog\/blog\/wp-content\/uploads\/2015\/07\/volcan.jpg\"><img loading=\"lazy\" decoding=\"async\" class=\"aligncenter  wp-image-27945\" src=\"https:\/\/lamendigapolitica.com\/blog\/blog\/wp-content\/uploads\/2015\/07\/volcan.jpg\" alt=\"volcan\" width=\"314\" height=\"234\" \/><\/a><\/p>\n<p>El volc\u00e1n de Fuego de Colima entr\u00f3 en fase de actividad permanente, luego de incrementar su actividad. A trav\u00e9s de se cuenta de Twitter, Luis Felipe Puente, coordinador nacional de Protecci\u00f3n Civil de la Secretar\u00eda de Gobernaci\u00f3n, inform\u00f3 que ya se activaron los protocolos de prevenci\u00f3n.<\/p>\n<p>El funcionario inform\u00f3 que Protecci\u00f3n Civil de Colima se re\u00fane con el comit\u00e9 asesor del volc\u00e1n para determinar un incremento en el monitoreo. Tambi\u00e9n pidi\u00f3 a la ciudadan\u00eda del estado seguir las recomendaciones ante la ca\u00edda de ceniza y evitar la permanencia en barrancas cercanas al volc\u00e1n de Fuego, ya que las lluvias pueden llegar a detonar un lahar o flujos de lodo.<\/p>\n<p>Los lahares son mezcla de materiales volc\u00e1nicos como rocas, ceniza, p\u00f3mez, escoria, mayormente cenizas, movilizadas por el agua proveniente de la fusi\u00f3n del casquete glaciar, de un lago crat\u00e9rico o por fuertes lluvias, precisa el Centro de Investigaci\u00f3n en Gesti\u00f3n de Riesgos y Cambio Clim\u00e1tico. <\/p>\n<p>El agua se mezcla con el material volc\u00e1nico suelto que se encuentra en su camino y se transforma r\u00e1pidamente en un flujo muy m\u00f3vil con caracter\u00edsticas similares al concreto utilizado en la industria de la construcci\u00f3n. Dada la densidad de esta mezcla, estos flujos pueden transportar grandes bloques de roca de hasta varios metros de di\u00e1metro y otros objetos como puentes, casas, \u00e1rboles y veh\u00edculos.<\/p>\n","protected":false},"excerpt":{"rendered":"<p>El volc\u00e1n de Fuego de Colima entr\u00f3 en fase de actividad permanente, luego de incrementar su actividad. A trav\u00e9s de se cuenta de Twitter, Luis Felipe Puente, coordinador nacional de Protecci\u00f3n Civil de la Secretar\u00eda de Gobernaci\u00f3n, inform\u00f3 que ya se activaron los protocolos de prevenci\u00f3n. El funcionario inform\u00f3 que Protecci\u00f3n Civil de Colima se &hellip; <\/p>\n<p><a class=\"more-link btn\" href=\"https:\/\/lamendigapolitica.com\/?p=27944\">Seguir leyendo<\/a><\/p>\n","protected":false},"author":1,"featured_media":0,"comment_status":"open","ping_status":"closed","sticky":false,"template":"","format":"standard","meta":{"footnotes":""},"categories":[20,27],"tags":[],"class_list":["post-27944","post","type-post","status-publish","format-standard","hentry","category-gobierno","category-seguridad","item-wrap"],"_links":{"self":[{"href":"https:\/\/lamendigapolitica.com\/index.php?rest_route=\/wp\/v2\/posts\/27944","targetHints":{"allow":["GET"]}}],"collection":[{"href":"https:\/\/lamendigapolitica.com\/index.php?rest_route=\/wp\/v2\/posts"}],"about":[{"href":"https:\/\/lamendigapolitica.com\/index.php?rest_route=\/wp\/v2\/types\/post"}],"author":[{"embeddable":true,"href":"https:\/\/lamendigapolitica.com\/index.php?rest_route=\/wp\/v2\/users\/1"}],"replies":[{"embeddable":true,"href":"https:\/\/lamendigapolitica.com\/index.php?rest_route=%2Fwp%2Fv2%2Fcomments&post=27944"}],"version-history":[{"count":1,"href":"https:\/\/lamendigapolitica.com\/index.php?rest_route=\/wp\/v2\/posts\/27944\/revisions"}],"predecessor-version":[{"id":27946,"href":"https:\/\/lamendigapolitica.com\/index.php?rest_route=\/wp\/v2\/posts\/27944\/revisions\/27946"}],"wp:attachment":[{"href":"https:\/\/lamendigapolitica.com\/index.php?rest_route=%2Fwp%2Fv2%2Fmedia&parent=27944"}],"wp:term":[{"taxonomy":"category","embeddable":true,"href":"https:\/\/lamendigapolitica.com\/index.php?rest_route=%2Fwp%2Fv2%2Fcategories&post=27944"},{"taxonomy":"post_tag","embeddable":true,"href":"https:\/\/lamendigapolitica.com\/index.php?rest_route=%2Fwp%2Fv2%2Ftags&post=27944"}],"curies":[{"name":"wp","href":"https:\/\/api.w.org\/{rel}","templated":true}]}}